{"id":681,"date":"2024-09-30T19:18:29","date_gmt":"2024-09-30T17:18:29","guid":{"rendered":"https:\/\/aumea.org\/?p=681"},"modified":"2024-10-02T23:29:23","modified_gmt":"2024-10-02T21:29:23","slug":"retour-sur-le-concert-aumea-du-28-septembre-2024","status":"publish","type":"post","link":"https:\/\/aumea.org\/index.php\/2024\/09\/30\/retour-sur-le-concert-aumea-du-28-septembre-2024\/","title":{"rendered":"Retour sur le Concert  AUMEA du 28 septembre 2024"},"content":{"rendered":"\n<p>Le concert organis\u00e9 par l\u2019association AUMEA le samedi 28 septembre dernier a \u00e9t\u00e9 un v\u00e9ritable succ\u00e8s ! Nous vous remercions de votre pr\u00e9sence ; avec plus de 200 entr\u00e9es, cet \u00e9v\u00e9nement musical a rassembl\u00e9 un public passionn\u00e9 autour d\u2019un programme exceptionnel.<\/p>\n\n\n\n<p>Ce concert, organis\u00e9 au profit des travaux d\u2019urgence de l\u2019\u00e9glise d\u2019Aumale, a permis de collecter des fonds pr\u00e9cieux pour la restauration de ce monument historique, symbole de notre patrimoine local. Les spectateurs ont pu appr\u00e9cier le talent exceptionnel de&nbsp;<strong>Fr\u00e9d\u00e9ric Aubin<\/strong>, trompettiste, et de&nbsp;<strong>Lionel Coulon<\/strong>, titulaire du grand orgue de la cath\u00e9drale de Rouen. Ensemble, ils ont interpr\u00e9t\u00e9 des \u0153uvres d\u2019une grande vari\u00e9t\u00e9, allant des classiques de&nbsp;<strong>Jean-S\u00e9bastien Bach<\/strong>&nbsp;et&nbsp;<strong>Antonio Vivaldi<\/strong>, \u00e0 des compositions plus modernes comme celles de&nbsp;<strong>Georges Delerue<\/strong>.<\/p>\n\n\n\n<p>Nous tenons \u00e9galement \u00e0 souligner la pr\u00e9sence de plusieurs \u00e9lus locaux, dont&nbsp;<strong>M. Pascal Martin, S\u00e9nateur<\/strong>,&nbsp;<strong>M. Arthur Gueulle, Directeur Adjoint du Cabinet du Pr\u00e9sident du D\u00e9partement<\/strong>,&nbsp;<strong>M. Patrick Teissere, Vice-Pr\u00e9sident du D\u00e9partement<\/strong>, et&nbsp;<strong>Mme Virginie Lucot Avril, Maire et Vice-Pr\u00e9sidente du D\u00e9partement<\/strong>, ainsi que de nombreux adjoints et conseillers municipaux. Leur pr\u00e9sence et leur soutien t\u00e9moignent de l\u2019int\u00e9r\u00eat marqu\u00e9 pour la mission d&rsquo;AUMEA : la mobilisation de comp\u00e9tences et ressources au service de la situation d&rsquo;urgence de l\u2019\u00e9glise d\u2019Aumale.<\/p>\n\n\n\n<p>L\u2019\u00e9motion \u00e9tait palpable dans l&rsquo;\u00e9glise d&rsquo;Aumale, un lieu charg\u00e9 d\u2019histoire, qui a r\u00e9sonn\u00e9 au son de la trompette et de l\u2019orgue. Chaque note jou\u00e9e par ces musiciens de renom a contribu\u00e9 \u00e0 rappeler l\u2019importance de pr\u00e9server ce joyau de notre patrimoine. Le public a \u00e9t\u00e9 particuli\u00e8rement touch\u00e9 par l\u2019interpr\u00e9tation de la&nbsp;<strong>Cantate de Georges Delerue<\/strong>&nbsp;et l\u2019<strong>Adagio du Concerto pour ottavino de Vivaldi<\/strong>.<\/p>\n\n\n\n<p>L\u2019association AUMEA tient \u00e0 remercier chaleureusement toutes les personnes pr\u00e9sentes, ainsi que nos partenaires. Un grand merci \u00e9galement aux b\u00e9n\u00e9voles de l\u2019association, qui ont \u0153uvr\u00e9 pour l\u2019organisation de cette soir\u00e9e inoubliable.<\/p>\n\n\n\n<p>Pour ceux qui n\u2019ont pas pu \u00eatre pr\u00e9sents, une courte vid\u00e9o  est disponible&nbsp;<a href=\"https:\/\/youtu.be\/SahICGL6_24?si=usB2ISO1Z2qsyY-B\">ici<\/a>. Nous vous invitons \u00e0 la visionner et \u00e0 revivre avec nous ce moment musical unique.<\/p>\n\n\n\n<p>Ensemble, nous participons \u00e0 la pr\u00e9servation d&rsquo;un patrimoine qui doit \u00eatre transmis aux g\u00e9n\u00e9rations futures. Chaque geste compte !<\/p>\n\n\n\n<p>Rendez-vous sur&nbsp;<a href=\"https:\/\/aumea.org\/\">aumea.org<\/a>&nbsp;pour suivre nos prochains \u00e9v\u00e9nements et initiatives.<\/p>\n\n\n\n<p>Merci de votre soutien et \u00e0 bient\u00f4t pour de nouvelles aventures musicales !<\/p>\n\n\n\n<p><\/p>\n\n\n\n<iframe id=\"haWidget\" allowtransparency=\"true\" scrolling=\"auto\" src=\"https:\/\/www.helloasso.com\/associations\/aumea\/formulaires\/1\/widget\" style=\"width: 100%; height: 750px; border: none;\"><\/iframe>\n","protected":false},"excerpt":{"rendered":"<p>Le concert organis\u00e9 par l\u2019association AUMEA le samedi 28 septembre dernier a \u00e9t\u00e9 un v\u00e9ritable succ\u00e8s ! Nous vous remercions de votre pr\u00e9sence ; avec plus de 200 entr\u00e9es, cet \u00e9v\u00e9nement musical a rassembl\u00e9 un public passionn\u00e9 autour d\u2019un programme exceptionnel. Ce concert, organis\u00e9 au profit des travaux d\u2019urgence de l\u2019\u00e9glise d\u2019Aumale, a permis de [&hellip;]<\/p>\n","protected":false},"author":1,"featured_media":682,"comment_status":"open","ping_status":"closed","sticky":false,"template":"","format":"standard","meta":{"footnotes":""},"categories":[1],"tags":[],"class_list":["post-681","post","type-post","status-publish","format-standard","has-post-thumbnail","hentry","category-non-classe"],"aioseo_notices":[],"_links":{"self":[{"href":"https:\/\/aumea.org\/index.php\/wp-json\/wp\/v2\/posts\/681","targetHints":{"allow":["GET"]}}],"collection":[{"href":"https:\/\/aumea.org\/index.php\/wp-json\/wp\/v2\/posts"}],"about":[{"href":"https:\/\/aumea.org\/index.php\/wp-json\/wp\/v2\/types\/post"}],"author":[{"embeddable":true,"href":"https:\/\/aumea.org\/index.php\/wp-json\/wp\/v2\/users\/1"}],"replies":[{"embeddable":true,"href":"https:\/\/aumea.org\/index.php\/wp-json\/wp\/v2\/comments?post=681"}],"version-history":[{"count":0,"href":"https:\/\/aumea.org\/index.php\/wp-json\/wp\/v2\/posts\/681\/revisions"}],"wp:featuredmedia":[{"embeddable":true,"href":"https:\/\/aumea.org\/index.php\/wp-json\/wp\/v2\/media\/682"}],"wp:attachment":[{"href":"https:\/\/aumea.org\/index.php\/wp-json\/wp\/v2\/media?parent=681"}],"wp:term":[{"taxonomy":"category","embeddable":true,"href":"https:\/\/aumea.org\/index.php\/wp-json\/wp\/v2\/categories?post=681"},{"taxonomy":"post_tag","embeddable":true,"href":"https:\/\/aumea.org\/index.php\/wp-json\/wp\/v2\/tags?post=681"}],"curies":[{"name":"wp","href":"https:\/\/api.w.org\/{rel}","templated":true}]}}